{"id":145,"date":"2023-01-30T19:16:49","date_gmt":"2023-01-30T19:16:49","guid":{"rendered":"https:\/\/koblenz.xn--wrdekompass-thb.org\/?p=145"},"modified":"2023-01-30T19:16:50","modified_gmt":"2023-01-30T19:16:50","slug":"der-wuerdekompass-e-v-koblenz-laedt-ein-zum-vortrag","status":"publish","type":"post","link":"https:\/\/koblenz.xn--wrdekompass-thb.org\/?p=145","title":{"rendered":"Der W\u00fcrdekompass e.V. Koblenz l\u00e4dt ein zum Vortrag"},"content":{"rendered":"<div class=\"wp-block-image\">\n<figure class=\"alignright size-full\"><img loading=\"lazy\" decoding=\"async\" width=\"250\" height=\"250\" src=\"https:\/\/koblenz.xn--wrdekompass-thb.org\/wp-content\/uploads\/2023\/01\/Wuerdekompasslogo250x250.png\" alt=\"\" class=\"wp-image-147\" srcset=\"https:\/\/koblenz.xn--wrdekompass-thb.org\/wp-content\/uploads\/2023\/01\/Wuerdekompasslogo250x250.png 250w, https:\/\/koblenz.xn--wrdekompass-thb.org\/wp-content\/uploads\/2023\/01\/Wuerdekompasslogo250x250-150x150.png 150w\" sizes=\"auto, (max-width: 250px) 100vw, 250px\" \/><\/figure>\n<\/div>\n\n\n<p><strong>\u201e\u2026 WENN ES MICH TRIFFT, BETRIFFT ES MICH\u2026\u201c<\/strong><\/p>\n\n\n\n<p><strong>Ein Vortrag f\u00fcr alle Menschen, denn wir alle waren mal Kinder!<\/strong><\/p>\n\n\n\n<p>&#8222;Kinder werden immer schwieriger!&#8220; Stimmt das oder ist das ein Vorurteil?<\/p>\n\n\n\n<p>Es hei\u00dft, Kinder sind ein Spiegel (der Gesellschaft). Wenn die Aussage zutrifft, wo sind die Schwierigkeiten in der Gesellschaft, Familie, Schule \u2026? Trifft die Aussage zu, dass Kinder immer schwieriger werden?<\/p>\n\n\n\n<p>Unsere Referentin Petra Merl ist zertifizierter Kindercoach. Sie arbeitete bis 2021 als Integrationshilfe<br>und ist diesen Fragen auf den Grund gegangen. Durch Beobachtungen und Erfahrungen in<br>unterschiedlichen Bereichen schaute sie auf die Fragen aus verschiedenen Perspektiven.<\/p>\n\n\n\n<p>Wir vom W\u00fcrdekompass e.V. Koblenz laden Sie dazu ein Situationen neu zu betrachten und vielleicht<br>neue Wege zu gehen. Der Vortrag bietet Anregungen, was Erwachsene tun k\u00f6nnen, damit ein achtsames<br>Miteinander gelingt. Wir schauen gemeinsam darauf, was Kinder brauchen, damit sie sich zu emotional<br>gesunden Erwachsenen entwickeln, die voller Vertrauen durchs Leben gehen.<\/p>\n\n\n\n<p>Sie haben Interesse?<\/p>\n\n\n<div class=\"wp-block-image\">\n<figure class=\"alignright size-full\"><img loading=\"lazy\" decoding=\"async\" width=\"489\" height=\"360\" src=\"https:\/\/koblenz.xn--wrdekompass-thb.org\/wp-content\/uploads\/2023\/01\/grafik-1.png\" alt=\"\" class=\"wp-image-150\" srcset=\"https:\/\/koblenz.xn--wrdekompass-thb.org\/wp-content\/uploads\/2023\/01\/grafik-1.png 489w, https:\/\/koblenz.xn--wrdekompass-thb.org\/wp-content\/uploads\/2023\/01\/grafik-1-300x221.png 300w\" sizes=\"auto, (max-width: 489px) 100vw, 489px\" \/><figcaption class=\"wp-element-caption\">Foto: Susanne Henzel<\/figcaption><\/figure>\n<\/div>\n\n\n<p><br>Dann sehen wir uns<br>am    <strong>Dienstag, den 28.02.2023<\/strong><br>um    <strong>19.00 Uhr (Einlass ab 18.00 Uhr)<\/strong><br>Ort    <strong>Caf\u00e9 Libre Brunnenstra\u00dfe 11 a<\/strong><br>         <strong>56203 H\u00f6hrGrenzhausen<\/strong><br>Keine Anmeldung erforderlich. <strong>Eintritt frei!<\/strong><br>Wir freuen uns auf Sie!<br><strong>Ihre W\u00fcrdekompassgruppe Koblenz<\/strong> und die Referentin <strong>Petra Merl<\/strong><br><\/p>\n\n\n\n<p>Kontakt:<br>Petra Merl &#8211; petramerl@yahoo.com und 02622\/9752524<br>W\u00fcrdekompass e.V. Koblenz &#8211; petra.ziemann68@web.de<\/p>\n","protected":false},"excerpt":{"rendered":"<p>\u201e\u2026 WENN ES MICH TRIFFT, BETRIFFT ES MICH\u2026\u201c Ein Vortrag f\u00fcr alle Menschen, denn wir alle waren mal Kinder! &#8222;Kinder werden immer schwieriger!&#8220; Stimmt das oder ist das ein Vorurteil? Es hei\u00dft, Kinder sind ein Spiegel (der Gesellschaft). Wenn die Aussage zutrifft, wo sind die Schwierigkeiten in der Gesellschaft, Familie, Schule \u2026? Trifft die Aussage&hellip;<\/p>\n","protected":false},"author":2,"featured_media":0,"comment_status":"open","ping_status":"closed","sticky":true,"template":"","format":"standard","meta":{"footnotes":""},"categories":[7],"tags":[],"class_list":["post-145","post","type-post","status-publish","format-standard","hentry","category-veranstaltung"],"yoast_head":"<!-- This site is optimized with the Yoast SEO plugin v27.4 - https:\/\/yoast.com\/product\/yoast-seo-wordpress\/ -->\n<title>Der W\u00fcrdekompass e.V. Koblenz l\u00e4dt ein zum Vortrag - W\u00fcrdekompass Koblenz<\/title>\n<meta name=\"robots\" content=\"index, follow, max-snippet:-1, max-image-preview:large, max-video-preview:-1\" \/>\n<link rel=\"canonical\" href=\"https:\/\/koblenz.xn--wrdekompass-thb.org\/?p=145\" \/>\n<meta property=\"og:locale\" content=\"de_DE\" \/>\n<meta property=\"og:type\" content=\"article\" \/>\n<meta property=\"og:title\" content=\"Der W\u00fcrdekompass e.V. Koblenz l\u00e4dt ein zum Vortrag - W\u00fcrdekompass Koblenz\" \/>\n<meta property=\"og:description\" content=\"\u201e\u2026 WENN ES MICH TRIFFT, BETRIFFT ES MICH\u2026\u201c Ein Vortrag f\u00fcr alle Menschen, denn wir alle waren mal Kinder! &#8222;Kinder werden immer schwieriger!&#8220; Stimmt das oder ist das ein Vorurteil? Es hei\u00dft, Kinder sind ein Spiegel (der Gesellschaft). Wenn die Aussage zutrifft, wo sind die Schwierigkeiten in der Gesellschaft, Familie, Schule \u2026? Trifft die Aussage&hellip;\" \/>\n<meta property=\"og:url\" content=\"https:\/\/koblenz.xn--wrdekompass-thb.org\/?p=145\" \/>\n<meta property=\"og:site_name\" content=\"W\u00fcrdekompass Koblenz\" \/>\n<meta property=\"article:published_time\" content=\"2023-01-30T19:16:49+00:00\" \/>\n<meta property=\"article:modified_time\" content=\"2023-01-30T19:16:50+00:00\" \/>\n<meta property=\"og:image\" content=\"https:\/\/koblenz.xn--wrdekompass-thb.org\/wp-content\/uploads\/2023\/01\/Wuerdekompasslogo250x250.png\" \/>\n<meta name=\"author\" content=\"WK-KOB22\" \/>\n<meta name=\"twitter:card\" content=\"summary_large_image\" \/>\n<meta name=\"twitter:label1\" content=\"Verfasst von\" \/>\n\t<meta name=\"twitter:data1\" content=\"WK-KOB22\" \/>\n\t<meta name=\"twitter:label2\" content=\"Gesch\u00e4tzte Lesezeit\" \/>\n\t<meta name=\"twitter:data2\" content=\"2\u00a0Minuten\" \/>\n<script type=\"application\/ld+json\" class=\"yoast-schema-graph\">{\"@context\":\"https:\\\/\\\/schema.org\",\"@graph\":[{\"@type\":\"Article\",\"@id\":\"https:\\\/\\\/koblenz.xn--wrdekompass-thb.org\\\/?p=145#article\",\"isPartOf\":{\"@id\":\"https:\\\/\\\/koblenz.xn--wrdekompass-thb.org\\\/?p=145\"},\"author\":{\"name\":\"WK-KOB22\",\"@id\":\"https:\\\/\\\/koblenz.xn--wrdekompass-thb.org\\\/#\\\/schema\\\/person\\\/c77ecfd87a3aa793a9522091c3b14c95\"},\"headline\":\"Der W\u00fcrdekompass e.V. Koblenz l\u00e4dt ein zum Vortrag\",\"datePublished\":\"2023-01-30T19:16:49+00:00\",\"dateModified\":\"2023-01-30T19:16:50+00:00\",\"mainEntityOfPage\":{\"@id\":\"https:\\\/\\\/koblenz.xn--wrdekompass-thb.org\\\/?p=145\"},\"wordCount\":220,\"commentCount\":0,\"image\":{\"@id\":\"https:\\\/\\\/koblenz.xn--wrdekompass-thb.org\\\/?p=145#primaryimage\"},\"thumbnailUrl\":\"https:\\\/\\\/koblenz.xn--wrdekompass-thb.org\\\/wp-content\\\/uploads\\\/2023\\\/01\\\/Wuerdekompasslogo250x250.png\",\"articleSection\":[\"Veranstaltung\"],\"inLanguage\":\"de\",\"potentialAction\":[{\"@type\":\"CommentAction\",\"name\":\"Comment\",\"target\":[\"https:\\\/\\\/koblenz.xn--wrdekompass-thb.org\\\/?p=145#respond\"]}]},{\"@type\":\"WebPage\",\"@id\":\"https:\\\/\\\/koblenz.xn--wrdekompass-thb.org\\\/?p=145\",\"url\":\"https:\\\/\\\/koblenz.xn--wrdekompass-thb.org\\\/?p=145\",\"name\":\"Der W\u00fcrdekompass e.V. Koblenz l\u00e4dt ein zum Vortrag - W\u00fcrdekompass Koblenz\",\"isPartOf\":{\"@id\":\"https:\\\/\\\/koblenz.xn--wrdekompass-thb.org\\\/#website\"},\"primaryImageOfPage\":{\"@id\":\"https:\\\/\\\/koblenz.xn--wrdekompass-thb.org\\\/?p=145#primaryimage\"},\"image\":{\"@id\":\"https:\\\/\\\/koblenz.xn--wrdekompass-thb.org\\\/?p=145#primaryimage\"},\"thumbnailUrl\":\"https:\\\/\\\/koblenz.xn--wrdekompass-thb.org\\\/wp-content\\\/uploads\\\/2023\\\/01\\\/Wuerdekompasslogo250x250.png\",\"datePublished\":\"2023-01-30T19:16:49+00:00\",\"dateModified\":\"2023-01-30T19:16:50+00:00\",\"author\":{\"@id\":\"https:\\\/\\\/koblenz.xn--wrdekompass-thb.org\\\/#\\\/schema\\\/person\\\/c77ecfd87a3aa793a9522091c3b14c95\"},\"breadcrumb\":{\"@id\":\"https:\\\/\\\/koblenz.xn--wrdekompass-thb.org\\\/?p=145#breadcrumb\"},\"inLanguage\":\"de\",\"potentialAction\":[{\"@type\":\"ReadAction\",\"target\":[\"https:\\\/\\\/koblenz.xn--wrdekompass-thb.org\\\/?p=145\"]}]},{\"@type\":\"ImageObject\",\"inLanguage\":\"de\",\"@id\":\"https:\\\/\\\/koblenz.xn--wrdekompass-thb.org\\\/?p=145#primaryimage\",\"url\":\"https:\\\/\\\/koblenz.xn--wrdekompass-thb.org\\\/wp-content\\\/uploads\\\/2023\\\/01\\\/Wuerdekompasslogo250x250.png\",\"contentUrl\":\"https:\\\/\\\/koblenz.xn--wrdekompass-thb.org\\\/wp-content\\\/uploads\\\/2023\\\/01\\\/Wuerdekompasslogo250x250.png\",\"width\":250,\"height\":250},{\"@type\":\"BreadcrumbList\",\"@id\":\"https:\\\/\\\/koblenz.xn--wrdekompass-thb.org\\\/?p=145#breadcrumb\",\"itemListElement\":[{\"@type\":\"ListItem\",\"position\":1,\"name\":\"Startseite\",\"item\":\"https:\\\/\\\/koblenz.xn--wrdekompass-thb.org\\\/\"},{\"@type\":\"ListItem\",\"position\":2,\"name\":\"Der W\u00fcrdekompass e.V. Koblenz l\u00e4dt ein zum Vortrag\"}]},{\"@type\":\"WebSite\",\"@id\":\"https:\\\/\\\/koblenz.xn--wrdekompass-thb.org\\\/#website\",\"url\":\"https:\\\/\\\/koblenz.xn--wrdekompass-thb.org\\\/\",\"name\":\"W\u00fcrdekompass Koblenz\",\"description\":\"\",\"potentialAction\":[{\"@type\":\"SearchAction\",\"target\":{\"@type\":\"EntryPoint\",\"urlTemplate\":\"https:\\\/\\\/koblenz.xn--wrdekompass-thb.org\\\/?s={search_term_string}\"},\"query-input\":{\"@type\":\"PropertyValueSpecification\",\"valueRequired\":true,\"valueName\":\"search_term_string\"}}],\"inLanguage\":\"de\"},{\"@type\":\"Person\",\"@id\":\"https:\\\/\\\/koblenz.xn--wrdekompass-thb.org\\\/#\\\/schema\\\/person\\\/c77ecfd87a3aa793a9522091c3b14c95\",\"name\":\"WK-KOB22\",\"image\":{\"@type\":\"ImageObject\",\"inLanguage\":\"de\",\"@id\":\"https:\\\/\\\/secure.gravatar.com\\\/avatar\\\/5540574f5cf67364935238d4d12049f8c56221ca43aae534787bb2c87efde900?s=96&d=mm&r=g\",\"url\":\"https:\\\/\\\/secure.gravatar.com\\\/avatar\\\/5540574f5cf67364935238d4d12049f8c56221ca43aae534787bb2c87efde900?s=96&d=mm&r=g\",\"contentUrl\":\"https:\\\/\\\/secure.gravatar.com\\\/avatar\\\/5540574f5cf67364935238d4d12049f8c56221ca43aae534787bb2c87efde900?s=96&d=mm&r=g\",\"caption\":\"WK-KOB22\"},\"url\":\"https:\\\/\\\/koblenz.xn--wrdekompass-thb.org\\\/?author=2\"}]}<\/script>\n<!-- \/ Yoast SEO plugin. -->","yoast_head_json":{"title":"Der W\u00fcrdekompass e.V. Koblenz l\u00e4dt ein zum Vortrag - W\u00fcrdekompass Koblenz","robots":{"index":"index","follow":"follow","max-snippet":"max-snippet:-1","max-image-preview":"max-image-preview:large","max-video-preview":"max-video-preview:-1"},"canonical":"https:\/\/koblenz.xn--wrdekompass-thb.org\/?p=145","og_locale":"de_DE","og_type":"article","og_title":"Der W\u00fcrdekompass e.V. Koblenz l\u00e4dt ein zum Vortrag - W\u00fcrdekompass Koblenz","og_description":"\u201e\u2026 WENN ES MICH TRIFFT, BETRIFFT ES MICH\u2026\u201c Ein Vortrag f\u00fcr alle Menschen, denn wir alle waren mal Kinder! &#8222;Kinder werden immer schwieriger!&#8220; Stimmt das oder ist das ein Vorurteil? Es hei\u00dft, Kinder sind ein Spiegel (der Gesellschaft). Wenn die Aussage zutrifft, wo sind die Schwierigkeiten in der Gesellschaft, Familie, Schule \u2026? Trifft die Aussage&hellip;","og_url":"https:\/\/koblenz.xn--wrdekompass-thb.org\/?p=145","og_site_name":"W\u00fcrdekompass Koblenz","article_published_time":"2023-01-30T19:16:49+00:00","article_modified_time":"2023-01-30T19:16:50+00:00","og_image":[{"url":"https:\/\/koblenz.xn--wrdekompass-thb.org\/wp-content\/uploads\/2023\/01\/Wuerdekompasslogo250x250.png","type":"","width":"","height":""}],"author":"WK-KOB22","twitter_card":"summary_large_image","twitter_misc":{"Verfasst von":"WK-KOB22","Gesch\u00e4tzte Lesezeit":"2\u00a0Minuten"},"schema":{"@context":"https:\/\/schema.org","@graph":[{"@type":"Article","@id":"https:\/\/koblenz.xn--wrdekompass-thb.org\/?p=145#article","isPartOf":{"@id":"https:\/\/koblenz.xn--wrdekompass-thb.org\/?p=145"},"author":{"name":"WK-KOB22","@id":"https:\/\/koblenz.xn--wrdekompass-thb.org\/#\/schema\/person\/c77ecfd87a3aa793a9522091c3b14c95"},"headline":"Der W\u00fcrdekompass e.V. Koblenz l\u00e4dt ein zum Vortrag","datePublished":"2023-01-30T19:16:49+00:00","dateModified":"2023-01-30T19:16:50+00:00","mainEntityOfPage":{"@id":"https:\/\/koblenz.xn--wrdekompass-thb.org\/?p=145"},"wordCount":220,"commentCount":0,"image":{"@id":"https:\/\/koblenz.xn--wrdekompass-thb.org\/?p=145#primaryimage"},"thumbnailUrl":"https:\/\/koblenz.xn--wrdekompass-thb.org\/wp-content\/uploads\/2023\/01\/Wuerdekompasslogo250x250.png","articleSection":["Veranstaltung"],"inLanguage":"de","potentialAction":[{"@type":"CommentAction","name":"Comment","target":["https:\/\/koblenz.xn--wrdekompass-thb.org\/?p=145#respond"]}]},{"@type":"WebPage","@id":"https:\/\/koblenz.xn--wrdekompass-thb.org\/?p=145","url":"https:\/\/koblenz.xn--wrdekompass-thb.org\/?p=145","name":"Der W\u00fcrdekompass e.V. Koblenz l\u00e4dt ein zum Vortrag - W\u00fcrdekompass Koblenz","isPartOf":{"@id":"https:\/\/koblenz.xn--wrdekompass-thb.org\/#website"},"primaryImageOfPage":{"@id":"https:\/\/koblenz.xn--wrdekompass-thb.org\/?p=145#primaryimage"},"image":{"@id":"https:\/\/koblenz.xn--wrdekompass-thb.org\/?p=145#primaryimage"},"thumbnailUrl":"https:\/\/koblenz.xn--wrdekompass-thb.org\/wp-content\/uploads\/2023\/01\/Wuerdekompasslogo250x250.png","datePublished":"2023-01-30T19:16:49+00:00","dateModified":"2023-01-30T19:16:50+00:00","author":{"@id":"https:\/\/koblenz.xn--wrdekompass-thb.org\/#\/schema\/person\/c77ecfd87a3aa793a9522091c3b14c95"},"breadcrumb":{"@id":"https:\/\/koblenz.xn--wrdekompass-thb.org\/?p=145#breadcrumb"},"inLanguage":"de","potentialAction":[{"@type":"ReadAction","target":["https:\/\/koblenz.xn--wrdekompass-thb.org\/?p=145"]}]},{"@type":"ImageObject","inLanguage":"de","@id":"https:\/\/koblenz.xn--wrdekompass-thb.org\/?p=145#primaryimage","url":"https:\/\/koblenz.xn--wrdekompass-thb.org\/wp-content\/uploads\/2023\/01\/Wuerdekompasslogo250x250.png","contentUrl":"https:\/\/koblenz.xn--wrdekompass-thb.org\/wp-content\/uploads\/2023\/01\/Wuerdekompasslogo250x250.png","width":250,"height":250},{"@type":"BreadcrumbList","@id":"https:\/\/koblenz.xn--wrdekompass-thb.org\/?p=145#breadcrumb","itemListElement":[{"@type":"ListItem","position":1,"name":"Startseite","item":"https:\/\/koblenz.xn--wrdekompass-thb.org\/"},{"@type":"ListItem","position":2,"name":"Der W\u00fcrdekompass e.V. Koblenz l\u00e4dt ein zum Vortrag"}]},{"@type":"WebSite","@id":"https:\/\/koblenz.xn--wrdekompass-thb.org\/#website","url":"https:\/\/koblenz.xn--wrdekompass-thb.org\/","name":"W\u00fcrdekompass Koblenz","description":"","potentialAction":[{"@type":"SearchAction","target":{"@type":"EntryPoint","urlTemplate":"https:\/\/koblenz.xn--wrdekompass-thb.org\/?s={search_term_string}"},"query-input":{"@type":"PropertyValueSpecification","valueRequired":true,"valueName":"search_term_string"}}],"inLanguage":"de"},{"@type":"Person","@id":"https:\/\/koblenz.xn--wrdekompass-thb.org\/#\/schema\/person\/c77ecfd87a3aa793a9522091c3b14c95","name":"WK-KOB22","image":{"@type":"ImageObject","inLanguage":"de","@id":"https:\/\/secure.gravatar.com\/avatar\/5540574f5cf67364935238d4d12049f8c56221ca43aae534787bb2c87efde900?s=96&d=mm&r=g","url":"https:\/\/secure.gravatar.com\/avatar\/5540574f5cf67364935238d4d12049f8c56221ca43aae534787bb2c87efde900?s=96&d=mm&r=g","contentUrl":"https:\/\/secure.gravatar.com\/avatar\/5540574f5cf67364935238d4d12049f8c56221ca43aae534787bb2c87efde900?s=96&d=mm&r=g","caption":"WK-KOB22"},"url":"https:\/\/koblenz.xn--wrdekompass-thb.org\/?author=2"}]}},"_links":{"self":[{"href":"https:\/\/koblenz.xn--wrdekompass-thb.org\/index.php?rest_route=\/wp\/v2\/posts\/145","targetHints":{"allow":["GET"]}}],"collection":[{"href":"https:\/\/koblenz.xn--wrdekompass-thb.org\/index.php?rest_route=\/wp\/v2\/posts"}],"about":[{"href":"https:\/\/koblenz.xn--wrdekompass-thb.org\/index.php?rest_route=\/wp\/v2\/types\/post"}],"author":[{"embeddable":true,"href":"https:\/\/koblenz.xn--wrdekompass-thb.org\/index.php?rest_route=\/wp\/v2\/users\/2"}],"replies":[{"embeddable":true,"href":"https:\/\/koblenz.xn--wrdekompass-thb.org\/index.php?rest_route=%2Fwp%2Fv2%2Fcomments&post=145"}],"version-history":[{"count":4,"href":"https:\/\/koblenz.xn--wrdekompass-thb.org\/index.php?rest_route=\/wp\/v2\/posts\/145\/revisions"}],"predecessor-version":[{"id":152,"href":"https:\/\/koblenz.xn--wrdekompass-thb.org\/index.php?rest_route=\/wp\/v2\/posts\/145\/revisions\/152"}],"wp:attachment":[{"href":"https:\/\/koblenz.xn--wrdekompass-thb.org\/index.php?rest_route=%2Fwp%2Fv2%2Fmedia&parent=145"}],"wp:term":[{"taxonomy":"category","embeddable":true,"href":"https:\/\/koblenz.xn--wrdekompass-thb.org\/index.php?rest_route=%2Fwp%2Fv2%2Fcategories&post=145"},{"taxonomy":"post_tag","embeddable":true,"href":"https:\/\/koblenz.xn--wrdekompass-thb.org\/index.php?rest_route=%2Fwp%2Fv2%2Ftags&post=145"}],"curies":[{"name":"wp","href":"https:\/\/api.w.org\/{rel}","templated":true}]}}